{"id":343,"date":"2021-08-05T10:12:02","date_gmt":"2021-08-05T10:12:02","guid":{"rendered":"http:\/\/udruzenjepreduzetnika.com\/?p=343"},"modified":"2021-08-05T10:20:03","modified_gmt":"2021-08-05T10:20:03","slug":"sastanka-sekretara-socijalno-ekonomskih-saveta","status":"publish","type":"post","link":"https:\/\/udruzenjepreduzetnika.com\/index.php\/2021\/08\/05\/sastanka-sekretara-socijalno-ekonomskih-saveta\/","title":{"rendered":"Sastanka sekretara Socijalno ekonomskih saveta"},"content":{"rendered":"\n<p>Skupu su prisustvovali predstavnici sva tri socijalna partnera u Republi\u010dkom SES-u. Pozdravne govore odr\u017eali:<br>Milo\u0161 Nenezi\u0107-predsedavaju\u0107i SES-a Republike Srbije i predsednik Unije poslodavaca Srbije<br>Darija Kisi\u0107 Tepav\u010devi\u0107- \u010dlan SES-a Republike Srbije i ministarka za rad, zapo\u0161ljavanje, bora\u010dka i socijalna pitanja<br>Goran Mili\u0107-u ime Ljubisava Orbovi\u0107a kao \u010dlana SES-a Republike Srbije, predsednik SSS Vojvodine<br>Zoran Stojiljkovi\u0107-\u010dlan SES-a Republike Srbije i predsednik Ujedinjenih granskih sindikata &#8221;Nezavisnost&#8221;<br>Svi oni su u svom obra\u0107anju naglasili da se mora mnogo vi\u0161e uraditi na ja\u010danju socijalnog dijaloga kako na nivou republike i pokrajine tako i na lokalnom nivou. Da bi se to postiglo, u narednom periodu \u0107e se intenzivirati kontakti izme\u0111u republi\u010dkog SES-a i lokalnih, kojih za sada ima na \u017ealost jako malo osnovanih a jo\u0161 manje aktivnih. Naime na teritoriji Srbije je do sada registrovano svega 23 Saveta od ukupno 173 op\u0161tine \u0161to je izuzetno malo a pri tom je samo 12 aktivnih.<br>Izuzetno je zna\u010dajno da se u svim op\u0161tinama osnuju, registruju i po\u010dnu aktivno da rade Saveti po\u0161to bez toga Srbija ne\u0107e mo\u0107i pristupiti Evropskoj Uniji na osnovu poglavlja 19 o \u010demu je prisutne detaljno upoznala g-\u0111a Dragana Savi\u0107 sekretar pregovara\u010dke grupe za poglavlje 19.<br>Zaklju\u010dci sa skupa su :<\/p>\n\n\n\n<ol class=\"wp-block-list\"><li>Neophodno je \u0161to pre uspostaviti stalnu saradnju lokalnih Saveta sa republi\u010dkim,<\/li><li>Hitno osnovati i aktivirati sve lokalne Savete i poja\u010dati finansiranje \u0161to je obaveza lokalnih samouprava ali se o\u010dekuje pomo\u0107 i pokrajine tj. republike kao i sredstva me\u0111unarodne zajednice.<\/li><li>Rad lokalnih Saveta od presudnog je zna\u010daja za poglavlje 19 i pridri\u017eivanje Srbije Evropskoj Uniji.<\/li><\/ol>\n\n\n\n<figure class=\"wp-block-gallery columns-2 is-cropped wp-block-gallery-1 is-layout-flex wp-block-gallery-is-layout-flex\"><ul class=\"blocks-gallery-grid\"><li class=\"blocks-gallery-item\"><figure><img fetchpriority=\"high\" decoding=\"async\" width=\"1024\" height=\"485\" src=\"http:\/\/udruzenjepreduzetnika.com\/wp-content\/uploads\/2021\/08\/20210614_111336-1024x485.jpg\" alt=\"\" data-id=\"344\" data-full-url=\"http:\/\/udruzenjepreduzetnika.com\/wp-content\/uploads\/2021\/08\/20210614_111336-scaled.jpg\" data-link=\"http:\/\/udruzenjepreduzetnika.com\/index.php\/2021\/08\/05\/sastanka-sekretara-socijalno-ekonomskih-saveta\/20210614_111336\/\" class=\"wp-image-344\" srcset=\"https:\/\/udruzenjepreduzetnika.com\/wp-content\/uploads\/2021\/08\/20210614_111336-1024x485.jpg 1024w, https:\/\/udruzenjepreduzetnika.com\/wp-content\/uploads\/2021\/08\/20210614_111336-300x142.jpg 300w, https:\/\/udruzenjepreduzetnika.com\/wp-content\/uploads\/2021\/08\/20210614_111336-768x364.jpg 768w, https:\/\/udruzenjepreduzetnika.com\/wp-content\/uploads\/2021\/08\/20210614_111336-1536x728.jpg 1536w, https:\/\/udruzenjepreduzetnika.com\/wp-content\/uploads\/2021\/08\/20210614_111336-2048x971.jpg 2048w\" sizes=\"(max-width: 1024px) 100vw, 1024px\" \/><\/figure><\/li><li class=\"blocks-gallery-item\"><figure><img decoding=\"async\" width=\"1024\" height=\"485\" src=\"http:\/\/udruzenjepreduzetnika.com\/wp-content\/uploads\/2021\/08\/20210614_112334-1024x485.jpg\" alt=\"\" data-id=\"355\" data-full-url=\"http:\/\/udruzenjepreduzetnika.com\/wp-content\/uploads\/2021\/08\/20210614_112334-scaled.jpg\" data-link=\"http:\/\/udruzenjepreduzetnika.com\/index.php\/2021\/08\/05\/sastanka-sekretara-socijalno-ekonomskih-saveta\/20210614_112334\/\" class=\"wp-image-355\" srcset=\"https:\/\/udruzenjepreduzetnika.com\/wp-content\/uploads\/2021\/08\/20210614_112334-1024x485.jpg 1024w, https:\/\/udruzenjepreduzetnika.com\/wp-content\/uploads\/2021\/08\/20210614_112334-300x142.jpg 300w, https:\/\/udruzenjepreduzetnika.com\/wp-content\/uploads\/2021\/08\/20210614_112334-768x363.jpg 768w, https:\/\/udruzenjepreduzetnika.com\/wp-content\/uploads\/2021\/08\/20210614_112334-1536x727.jpg 1536w, https:\/\/udruzenjepreduzetnika.com\/wp-content\/uploads\/2021\/08\/20210614_112334-2048x969.jpg 2048w\" sizes=\"(max-width: 1024px) 100vw, 1024px\" \/><\/figure><\/li><\/ul><\/figure>\n","protected":false},"excerpt":{"rendered":"<p>Skupu su prisustvovali predstavnici sva tri socijalna partnera u Republi\u010dkom SES-u. Pozdravne govore odr\u017eali:Milo\u0161 Nenezi\u0107-predsedavaju\u0107i SES-a Republike Srbije i predsednik Unije poslodavaca SrbijeDarija Kisi\u0107 Tepav\u010devi\u0107- \u010dlan SES-a Republike Srbije i ministarka za rad, zapo\u0161ljavanje, bora\u010dka i socijalna pitanjaGoran Mili\u0107-u ime Ljubisava Orbovi\u0107a kao \u010dlana SES-a Republike Srbije, predsednik SSS VojvodineZoran Stojiljkovi\u0107-\u010dlan SES-a Republike Srbije i [&hellip;]<\/p>\n","protected":false},"author":1,"featured_media":344,"comment_status":"closed","ping_status":"closed","sticky":false,"template":"","format":"standard","meta":{"footnotes":""},"categories":[1],"tags":[],"class_list":["post-343","post","type-post","status-publish","format-standard","has-post-thumbnail","hentry","category-uncategorized"],"_links":{"self":[{"href":"https:\/\/udruzenjepreduzetnika.com\/index.php\/wp-json\/wp\/v2\/posts\/343","targetHints":{"allow":["GET"]}}],"collection":[{"href":"https:\/\/udruzenjepreduzetnika.com\/index.php\/wp-json\/wp\/v2\/posts"}],"about":[{"href":"https:\/\/udruzenjepreduzetnika.com\/index.php\/wp-json\/wp\/v2\/types\/post"}],"author":[{"embeddable":true,"href":"https:\/\/udruzenjepreduzetnika.com\/index.php\/wp-json\/wp\/v2\/users\/1"}],"replies":[{"embeddable":true,"href":"https:\/\/udruzenjepreduzetnika.com\/index.php\/wp-json\/wp\/v2\/comments?post=343"}],"version-history":[{"count":3,"href":"https:\/\/udruzenjepreduzetnika.com\/index.php\/wp-json\/wp\/v2\/posts\/343\/revisions"}],"predecessor-version":[{"id":357,"href":"https:\/\/udruzenjepreduzetnika.com\/index.php\/wp-json\/wp\/v2\/posts\/343\/revisions\/357"}],"wp:featuredmedia":[{"embeddable":true,"href":"https:\/\/udruzenjepreduzetnika.com\/index.php\/wp-json\/wp\/v2\/media\/344"}],"wp:attachment":[{"href":"https:\/\/udruzenjepreduzetnika.com\/index.php\/wp-json\/wp\/v2\/media?parent=343"}],"wp:term":[{"taxonomy":"category","embeddable":true,"href":"https:\/\/udruzenjepreduzetnika.com\/index.php\/wp-json\/wp\/v2\/categories?post=343"},{"taxonomy":"post_tag","embeddable":true,"href":"https:\/\/udruzenjepreduzetnika.com\/index.php\/wp-json\/wp\/v2\/tags?post=343"}],"curies":[{"name":"wp","href":"https:\/\/api.w.org\/{rel}","templated":true}]}}